{"id":732,"date":"2023-10-04T00:53:02","date_gmt":"2023-10-03T22:53:02","guid":{"rendered":"http:\/\/bloggerszaragoza.com\/?p=732"},"modified":"2023-10-04T10:03:13","modified_gmt":"2023-10-04T08:03:13","slug":"fiestas-del-pilar-feria-de-artesania-musica-y-cuentacuentos-en-las-armas","status":"publish","type":"post","link":"https:\/\/bloggerszaragoza.com\/?p=732","title":{"rendered":"\u00a1Fiestas del Pilar! Feria de artesan\u00eda, m\u00fasica y cuentacuentos en Las Armas"},"content":{"rendered":"\n<p>Nos estrenamos con nuestro primer evento pilarista que se celebrar\u00e1 el 8 y 15 de octubre en la plaza de Las Armas. Tendremos feria de artesan\u00eda, agroalimentaci\u00f3n, libros e ilustraci\u00f3n, cuentacuentos, actividades infantiles y m\u00fasica en directo. Todo ello en la Plaza de las Armas (Mariano de Cavia) en horario ininterrumpido de 11:00 a 20:00 horas con entrada libre a todas las actividades. Todas las actividades de nuestros eventos pueden encontrarlos en el <a href=\"https:\/\/www.zaragoza.es\/contenidos\/cultura\/fiestaspilar\/Programa_Oficial_Pilar_23_.pdf\">programa de las Fiestas del Pilar<\/a> y en la web del Ayuntamiento: <a href=\"https:\/\/www.zaragoza.es\/sede\/servicio\/cultura\/evento?query=las+armas\">zaragoza.es.<\/a><\/p>\n\n\n\n<h2>FERIA DE ARTESAN\u00cdA<\/h2>\n\n\n\n<p>Las ferias de artesan\u00eda en la Plaza de Las Armas, lugar tradicional en el centro de Zaragoza para celebrar mercadillos cada domingo, est\u00e1n recuperando su actividad en las \u00faltimas semanas y no pod\u00edan faltar en estas Fiestas del Pilar. Desde las 11 de la ma\u00f1ana los d\u00edas 8 y 15 de octubre podr\u00e1s descubrir los mejores productos de artesan\u00eda, moda, complementos, libros e ilustraciones. Tampoco faltar\u00e1n los stands de alimentaci\u00f3n y bebida con cervezas artesanas, miel, dulces, quesos, pat\u00e9s&#8230; \u00a1Gran variedad en una treintena de puestos que no te puedes perder!<\/p>\n\n\n\n<h2>CUENTACUENTOS Y ACTIVIDADES INFANTILES<\/h2>\n\n\n\n<p>Con el patrocinio de Mart\u00edn Mart\u00edn, y la colaboraci\u00f3n del Parque de Atracciones y el Acuario de Zaragoza, realizaremos 6 actividades infantiles. El domingo d\u00eda 8 a las 12 lo pasaremos genial con el cuentacuentos \u00abEl Mundo para Sof\u00eda\u00bb de Cecilia Anad\u00f3n, a las 13:00 horas disfrutaremos de los juegos de mesa de Harry Potter gracias a la asociaci\u00f3n Felix Zaragoza y ya por la tarde, a las 17:00 horas ser\u00e1 el turno de Isabel Gil y su cuentacuentos \u00abTu Pieza es Importante\u00bb.<\/p>\n\n\n\n<p>El domingo 15 de octubre Sonia Pav\u00f3n llegar\u00e1 a Las Armas desde las 12 con su cuentacuentos \u00abNos vamos de picnic\u00bb, a las 13:00 horas tendremos los talleres del centro de ocio y tiempo libre Rayuela y desde las 17:00 horas podremos divertirnos con Roberto Malo y sus cuentacuentos \u00abLas Fiestas del Pilar\u00bb y \u00abTanga y el Leopardo\u00bb.<\/p>\n\n\n<div class=\"wp-block-image\">\n<figure class=\"aligncenter size-large\"><img loading=\"lazy\" width=\"724\" height=\"1024\" src=\"http:\/\/bloggerszaragoza.com\/wp-content\/uploads\/2023\/10\/CUENTACUENTOS-MARTIN-MARTIN-OK-724x1024.png\" alt=\"\" class=\"wp-image-734\" srcset=\"https:\/\/bloggerszaragoza.com\/wp-content\/uploads\/2023\/10\/CUENTACUENTOS-MARTIN-MARTIN-OK-724x1024.png 724w, https:\/\/bloggerszaragoza.com\/wp-content\/uploads\/2023\/10\/CUENTACUENTOS-MARTIN-MARTIN-OK-212x300.png 212w, https:\/\/bloggerszaragoza.com\/wp-content\/uploads\/2023\/10\/CUENTACUENTOS-MARTIN-MARTIN-OK-768x1086.png 768w, https:\/\/bloggerszaragoza.com\/wp-content\/uploads\/2023\/10\/CUENTACUENTOS-MARTIN-MARTIN-OK-1086x1536.png 1086w, https:\/\/bloggerszaragoza.com\/wp-content\/uploads\/2023\/10\/CUENTACUENTOS-MARTIN-MARTIN-OK-1170x1655.png 1170w, https:\/\/bloggerszaragoza.com\/wp-content\/uploads\/2023\/10\/CUENTACUENTOS-MARTIN-MARTIN-OK.png 1414w\" sizes=\"(max-width: 724px) 100vw, 724px\" \/><\/figure><\/div>\n\n\n<h2>CONCIERTOS<\/h2>\n\n\n\n<p>La m\u00fasica en directo ocupar\u00e1 un lugar muy importante en nuestro evento gracias a la colaboraci\u00f3n del Centro Musical Art\u00edstico \u00abLas Armas\u00bb. En su escenario exterior tendremos 6 conciertos:<br>\u00b7 Domingo 8. 13:00 horas. Karma 13<br>\u00b7 Domingo 8. 18:00 horas. Lu Demie<br>\u00b7 Domingo 8. 19:00 horas. Isla Kume<br>\u00b7 Domingo 15. 13:00 horas. Selene Casas<br>\u00b7 Domingo 15. 18:00 horas. Electric Jaguar<br>\u00b7 Domingo 15. 19:00 horas. Delacueva<\/p>\n\n\n<div class=\"wp-block-image\">\n<figure class=\"aligncenter size-large\"><img loading=\"lazy\" width=\"800\" height=\"1024\" src=\"http:\/\/bloggerszaragoza.com\/wp-content\/uploads\/2023\/10\/WhatsApp-Image-2023-10-04-at-10.00.48-800x1024.jpeg\" alt=\"\" class=\"wp-image-741\" srcset=\"https:\/\/bloggerszaragoza.com\/wp-content\/uploads\/2023\/10\/WhatsApp-Image-2023-10-04-at-10.00.48-800x1024.jpeg 800w, https:\/\/bloggerszaragoza.com\/wp-content\/uploads\/2023\/10\/WhatsApp-Image-2023-10-04-at-10.00.48-234x300.jpeg 234w, https:\/\/bloggerszaragoza.com\/wp-content\/uploads\/2023\/10\/WhatsApp-Image-2023-10-04-at-10.00.48-768x983.jpeg 768w, https:\/\/bloggerszaragoza.com\/wp-content\/uploads\/2023\/10\/WhatsApp-Image-2023-10-04-at-10.00.48-1200x1536.jpeg 1200w, https:\/\/bloggerszaragoza.com\/wp-content\/uploads\/2023\/10\/WhatsApp-Image-2023-10-04-at-10.00.48-1170x1498.jpeg 1170w, https:\/\/bloggerszaragoza.com\/wp-content\/uploads\/2023\/10\/WhatsApp-Image-2023-10-04-at-10.00.48.jpeg 1250w\" sizes=\"(max-width: 800px) 100vw, 800px\" \/><\/figure><\/div>\n\n\n<p>Toda esta programaci\u00f3n se incluye dentro del PilarOn organizado por el <a href=\"https:\/\/lasarmas.es\/\">Centro Musical Art\u00edstico \u00abLas Armas\u00bb <\/a>que adem\u00e1s, dispone de un amplio programa de actividades durante todas las Fiestas del Pilar.<\/p>\n\n\n<div class=\"wp-block-image\">\n<figure class=\"aligncenter size-large\"><img loading=\"lazy\" width=\"835\" height=\"1024\" src=\"http:\/\/bloggerszaragoza.com\/wp-content\/uploads\/2023\/10\/WhatsApp-Image-2023-10-04-at-09.59.25-835x1024.jpeg\" alt=\"\" class=\"wp-image-743\" srcset=\"https:\/\/bloggerszaragoza.com\/wp-content\/uploads\/2023\/10\/WhatsApp-Image-2023-10-04-at-09.59.25-835x1024.jpeg 835w, https:\/\/bloggerszaragoza.com\/wp-content\/uploads\/2023\/10\/WhatsApp-Image-2023-10-04-at-09.59.25-245x300.jpeg 245w, https:\/\/bloggerszaragoza.com\/wp-content\/uploads\/2023\/10\/WhatsApp-Image-2023-10-04-at-09.59.25-768x942.jpeg 768w, https:\/\/bloggerszaragoza.com\/wp-content\/uploads\/2023\/10\/WhatsApp-Image-2023-10-04-at-09.59.25.jpeg 1080w\" sizes=\"(max-width: 835px) 100vw, 835px\" \/><\/figure><\/div>\n\n\n<p>Durante nuestros eventos tampoco faltar\u00e1 la barra de consumiciones del Restaurante de Las Armas \ud83d\ude42<\/p>\n\n\n\n<p>\u00a1Os esperamos! \u00a1Felices Fiestas del Pilar!<br><\/p>\n","protected":false},"excerpt":{"rendered":"<p>Nos estrenamos con nuestro primer evento pilarista que se celebrar\u00e1 el 8 y 15 de octubre en la plaza de Las Armas. Tendremos feria de artesan\u00eda, agroalimentaci\u00f3n, libros e ilustraci\u00f3n, cuentacuentos, actividades infantiles y m\u00fasica en directo. Todo ello en la Plaza de las Armas (Mariano de Cavia) en horario<\/p>\n","protected":false},"author":1,"featured_media":733,"comment_status":"open","ping_status":"open","sticky":false,"template":"","format":"standard","meta":[],"categories":[2],"tags":[15,11,87,86,7,88,80,75,79,83,84,34,31,10,5,13,32,81,77,82,85,4],"_links":{"self":[{"href":"https:\/\/bloggerszaragoza.com\/index.php?rest_route=\/wp\/v2\/posts\/732"}],"collection":[{"href":"https:\/\/bloggerszaragoza.com\/index.php?rest_route=\/wp\/v2\/posts"}],"about":[{"href":"https:\/\/bloggerszaragoza.com\/index.php?rest_route=\/wp\/v2\/types\/post"}],"author":[{"embeddable":true,"href":"https:\/\/bloggerszaragoza.com\/index.php?rest_route=\/wp\/v2\/users\/1"}],"replies":[{"embeddable":true,"href":"https:\/\/bloggerszaragoza.com\/index.php?rest_route=%2Fwp%2Fv2%2Fcomments&post=732"}],"version-history":[{"count":6,"href":"https:\/\/bloggerszaragoza.com\/index.php?rest_route=\/wp\/v2\/posts\/732\/revisions"}],"predecessor-version":[{"id":744,"href":"https:\/\/bloggerszaragoza.com\/index.php?rest_route=\/wp\/v2\/posts\/732\/revisions\/744"}],"wp:featuredmedia":[{"embeddable":true,"href":"https:\/\/bloggerszaragoza.com\/index.php?rest_route=\/wp\/v2\/media\/733"}],"wp:attachment":[{"href":"https:\/\/bloggerszaragoza.com\/index.php?rest_route=%2Fwp%2Fv2%2Fmedia&parent=732"}],"wp:term":[{"taxonomy":"category","embeddable":true,"href":"https:\/\/bloggerszaragoza.com\/index.php?rest_route=%2Fwp%2Fv2%2Fcategories&post=732"},{"taxonomy":"post_tag","embeddable":true,"href":"https:\/\/bloggerszaragoza.com\/index.php?rest_route=%2Fwp%2Fv2%2Ftags&post=732"}],"curies":[{"name":"wp","href":"https:\/\/api.w.org\/{rel}","templated":true}]}}